{"id":4565,"date":"2020-07-02T13:56:45","date_gmt":"2020-07-02T11:56:45","guid":{"rendered":"https:\/\/keyclic.com\/?p=4565"},"modified":"2021-06-14T15:18:44","modified_gmt":"2021-06-14T13:18:44","slug":"keyclic-participara-en-el-1er-demostrador-virtual-proptech-frances-los-dias-8-y-9-de-julio","status":"publish","type":"post","link":"https:\/\/keyclic.com\/es\/2020\/07\/02\/keyclic-participara-en-el-1er-demostrador-virtual-proptech-frances-los-dias-8-y-9-de-julio\/","title":{"rendered":"Keyclic participera au 1er d\u00e9monstrateur virtuel de la French Proptech, les 8 et 9 juillet."},"content":{"rendered":"<p><div class=\"fusion-fullwidth fullwidth-box fusion-builder-row-1 nonhundred-percent-fullwidth non-hundred-percent-height-scrolling\" style=\"--awb-border-sizes-top:0px;--awb-border-sizes-bottom:0px;--awb-border-sizes-left:0px;--awb-border-sizes-right:0px;--awb-border-radius-top-left:0px;--awb-border-radius-top-right:0px;--awb-border-radius-bottom-right:0px;--awb-border-radius-bottom-left:0px;--awb-flex-wrap:wrap;\" ><div class=\"fusion-builder-row fusion-row\"><div class=\"fusion-layout-column fusion_builder_column fusion-builder-column-0 fusion_builder_column_1_1 1_1 fusion-one-full fusion-column-first fusion-column-last\" style=\"--awb-padding-right:10%;--awb-padding-left:10%;--awb-bg-size:cover;\"><div class=\"fusion-column-wrapper fusion-column-has-shadow fusion-flex-column-wrapper-legacy\"><div class=\"fusion-image-element fusion-image-align-center in-legacy-container\" style=\"text-align:center;--awb-caption-title-font-family:var(--h2_typography-font-family);--awb-caption-title-font-weight:var(--h2_typography-font-weight);--awb-caption-title-font-style:var(--h2_typography-font-style);--awb-caption-title-size:var(--h2_typography-font-size);--awb-caption-title-transform:var(--h2_typography-text-transform);--awb-caption-title-line-height:var(--h2_typography-line-height);--awb-caption-title-letter-spacing:var(--h2_typography-letter-spacing);\"><div class=\"imageframe-align-center\"><span class=\" fusion-imageframe imageframe-none imageframe-1 hover-type-none\"><img decoding=\"async\" width=\"1024\" height=\"512\" alt=\"keyclic et le frenchproptech tour\" title=\"frenchproptech\" src=\"https:\/\/i0.wp.com\/keyclic.com\/wp-content\/uploads\/2020\/07\/frenchproptech.jpeg?fit=1024%2C512&ssl=1\" data-orig-src=\"https:\/\/keyclic.com\/wp-content\/uploads\/2020\/07\/frenchproptech.jpeg\" class=\"lazyload img-responsive wp-image-4567\" srcset=\"data:image\/svg+xml,%3Csvg%20xmlns%3D%27http%3A%2F%2Fwww.w3.org%2F2000%2Fsvg%27%20width%3D%271024%27%20height%3D%27512%27%20viewBox%3D%270%200%201024%20512%27%3E%3Crect%20width%3D%271024%27%20height%3D%27512%27%20fill-opacity%3D%220%22%2F%3E%3C%2Fsvg%3E\" data-srcset=\"https:\/\/i0.wp.com\/keyclic.com\/wp-content\/uploads\/2020\/07\/frenchproptech.jpeg?resize=200%2C100&amp;ssl=1 200w, https:\/\/i0.wp.com\/keyclic.com\/wp-content\/uploads\/2020\/07\/frenchproptech.jpeg?resize=300%2C150&amp;ssl=1 300w, https:\/\/i0.wp.com\/keyclic.com\/wp-content\/uploads\/2020\/07\/frenchproptech.jpeg?resize=400%2C200&amp;ssl=1 400w, https:\/\/i0.wp.com\/keyclic.com\/wp-content\/uploads\/2020\/07\/frenchproptech.jpeg?resize=600%2C300&amp;ssl=1 600w, https:\/\/i0.wp.com\/keyclic.com\/wp-content\/uploads\/2020\/07\/frenchproptech.jpeg?resize=768%2C384&amp;ssl=1 768w, https:\/\/i0.wp.com\/keyclic.com\/wp-content\/uploads\/2020\/07\/frenchproptech.jpeg?resize=800%2C400&amp;ssl=1 800w, https:\/\/i0.wp.com\/keyclic.com\/wp-content\/uploads\/2020\/07\/frenchproptech.jpeg?w=1024&amp;ssl=1 1024w\" data-sizes=\"auto\" data-orig-sizes=\"(max-width: 960px) 100vw, 1024px\" \/><\/span><\/div><\/div><div class=\"fusion-text fusion-text-1\"><div>En partenariat <span style=\"font-family: -apple-system, BlinkMacSystemFont, 'Segoe UI', Roboto, Oxygen-Sans, Ubuntu, Cantarell, 'Helvetica Neue', sans-serif;\">avec la CCI Paris Ile de France et la F\u00e9d\u00e9ration des Promoteurs Immobiliers, la French Proptech organise le tout premier\u00a0<\/span>d\u00e9monstrateur en ligne \u00e0 destination des professionnels de l&rsquo;immobilier.<\/div>\n<div><\/div>\n<div>Vous serez connect\u00e9s sur une plateforme permettant de naviguer entre temps forts, d\u00e9monstrations et stands virtuels. Une occasion unique de r\u00e9aliser votre veille, d\u2019\u00e9changer avec des startups de la France enti\u00e8re et de d\u00e9velopper de nouvelles collaborations dans ce monde en constance mutation.<\/div>\n<div><\/div>\n<div><strong>Keyclic aura l&rsquo;honneur de pr\u00e9senter sa solution de gestion des services post livraison destin\u00e9e aux professionnels de l&rsquo;immobilier \u00e0 travers\u00a0deux parcours : Gestions d&rsquo;actifs tertiaires et Nouveaux usages dans l&rsquo;Habitat.<\/strong><\/div>\n<div><\/div>\n<div>\n<p>Vous pouvez d\u2019ores et d\u00e9j\u00e0 vous inscrire GRATUITEMENT \u00e0 ces parcours en cliquant sur le lien suivant :\u00a0<a href=\"https:\/\/hs-5301057.t.hubspotstarter-i1.net\/e2t\/tc\/VW0j3q613tw_W6zx7Mk4r4LWhW4TqGZG4c0_J5N4nN_cV3lGn5V1-WJV7CgJ9vW71FK1b1lJZvfW41sW7W7hD67bN6LgXPlTRFS1W5s-g-k8Cv60xVFrthq2SbfT3W983YRk1mPDmpW1f46PW1L7GmLW7KPVHt72s-dLW2k0N6n7Q42M5W5XQWvS5mz8BNW884GNk84jp37W3XvmTm4FPZWQN8jNJ6NZm72gW90vBqb8RmFLBW6fZk6n2VHR6vW1hrJ_j8MLxt2W5_X1Cr3lCLJqW5KmSzr1jpDpDVdzsK57VLxSFW2Z3Gxz3N2kppW5BV4063nXTg1W757z2Q12lZb3MsMvmRgsFs5W83ZM-c6L7jS32dY1\" target=\"_blank\" rel=\"noopener noreferrer\" data-saferedirecturl=\"https:\/\/www.google.com\/url?q=https:\/\/hs-5301057.t.hubspotstarter-i1.net\/e2t\/tc\/VW0j3q613tw_W6zx7Mk4r4LWhW4TqGZG4c0_J5N4nN_cV3lGn5V1-WJV7CgJ9vW71FK1b1lJZvfW41sW7W7hD67bN6LgXPlTRFS1W5s-g-k8Cv60xVFrthq2SbfT3W983YRk1mPDmpW1f46PW1L7GmLW7KPVHt72s-dLW2k0N6n7Q42M5W5XQWvS5mz8BNW884GNk84jp37W3XvmTm4FPZWQN8jNJ6NZm72gW90vBqb8RmFLBW6fZk6n2VHR6vW1hrJ_j8MLxt2W5_X1Cr3lCLJqW5KmSzr1jpDpDVdzsK57VLxSFW2Z3Gxz3N2kppW5BV4063nXTg1W757z2Q12lZb3MsMvmRgsFs5W83ZM-c6L7jS32dY1&amp;source=gmail&amp;ust=1593767699939000&amp;usg=AFQjCNHUvvy8zybIaXRT-D5AcjySfX-1Jg\">https:\/\/frenchproptech.fr\/<wbr \/>frenchproptechtour-digital\/<\/a><\/p>\n<p>Nous vous attendons nombreuses et nombreux !<\/p>\n<\/div>\n<\/div><div class=\"fusion-clearfix\"><\/div><\/div><\/div><\/div><\/div><div class=\"fusion-fullwidth fullwidth-box fusion-builder-row-2 nonhundred-percent-fullwidth non-hundred-percent-height-scrolling\" style=\"--awb-border-radius-top-left:0px;--awb-border-radius-top-right:0px;--awb-border-radius-bottom-right:0px;--awb-border-radius-bottom-left:0px;--awb-padding-top:30px;--awb-flex-wrap:wrap;\" ><div class=\"fusion-builder-row fusion-row\"><div class=\"fusion-layout-column fusion_builder_column fusion-builder-column-1 fusion_builder_column_1_1 1_1 fusion-one-full fusion-column-first fusion-column-last\" style=\"--awb-padding-top:30px;--awb-bg-size:cover;\"><div class=\"fusion-column-wrapper fusion-column-has-shadow fusion-flex-column-wrapper-legacy\"><div class=\"fusion-title title fusion-title-1 fusion-sep-none fusion-title-text fusion-title-size-three\"><h3 class=\"fusion-title-heading title-heading-left fusion-responsive-typography-calculated\" style=\"font-family:&quot;Roboto&quot;;font-style:normal;font-weight:400;margin:0;--fontSize:25;line-height:1.5;\"><span style=\"color: #14acc0;\"><strong>D\u00e9couvrez les articles pr\u00e9c\u00e9dents :<\/strong><\/span><\/h3><\/div><style id=\"wp_carousel_dynamic_css5551\">.sp-wp-carousel-free-id-5551.wpcf-fancybox-wrapper .fancybox-bg{background: #0b0b0b;opacity: 0.8;}.sp-wp-carousel-free-id-5551.wpcf-fancybox-wrapper .fancybox-navigation .fancybox-button .wpcp-fancybox-nav-arrow i {color: #ccc;}.sp-wp-carousel-free-id-5551.wpcf-fancybox-wrapper .fancybox-navigation .fancybox-button .wpcp-fancybox-nav-arrow i:hover {color: #fff;}.sp-wp-carousel-free-id-5551.wpcf-fancybox-wrapper .fancybox-navigation .fancybox-button {background: #1e1e1e;}.sp-wp-carousel-free-id-5551.wpcf-fancybox-wrapper .fancybox-navigation .fancybox-button:hover {background: #1e1e1e;}#sp-wp-carousel-free-id-5551 .wpcp-swiper-dots {margin: 40px 0px 0px 0px;}.wpcp-wrapper-5551 .swiper-wrapper .swiper-slide-kenburn, .wpcp-wrapper-5551 .swiper-wrapper, .wpcp-wrapper-5551 .wpcpro-row{align-items: center;}#sp-wp-carousel-free-id-5551 .wpcp-single-item {box-shadow: 0px 0px 0px 0px #dddddd;transition: all .3s;margin: 0px;}#sp-wp-carousel-free-id-5551.swiper-flip .wpcp-single-item{margin: 0!important;}#sp-wp-carousel-free-id-5551 .wpcp-single-item:hover {box-shadow: 0px 0px 0px 0px #dddddd;}#sp-wp-carousel-free-id-5551.sp-wpcp-5551 .wpcp-single-item {border: 1px solid transparent;}#sp-wp-carousel-free-id-5551.sp-wpcp-5551 .swiper-button-prev,#sp-wp-carousel-free-id-5551.sp-wpcp-5551 .swiper-button-next,#sp-wp-carousel-free-id-5551.sp-wpcp-5551 .swiper-button-prev:hover,#sp-wp-carousel-free-id-5551.sp-wpcp-5551 .swiper-button-next:hover {background: none;border: none;font-size: 30px;}#sp-wp-carousel-free-id-5551.sp-wpcp-5551 .swiper-button-prev i,#sp-wp-carousel-free-id-5551.sp-wpcp-5551 .swiper-button-next i {color: #aaa;}#sp-wp-carousel-free-id-5551.sp-wpcp-5551 .swiper-button-prev i:hover,#sp-wp-carousel-free-id-5551.sp-wpcp-5551 .swiper-button-next i:hover {color: #52b3d9;}#sp-wp-carousel-free-id-5551.sp-wpcp-5551 .wpcp-swiper-dots .swiper-pagination-bullet {background-color: #cccccc;}#sp-wp-carousel-free-id-5551.sp-wpcp-5551 .wpcp-swiper-dots .swiper-pagination-bullet.swiper-pagination-bullet-active {background-color: #52b3d9;} #sp-wp-carousel-free-id-5551.sp-wpcp-5551.wpcp-image-carousel .wpcp-single-item:hover img, #sp-wp-carousel-free-id-5551.sp-wpcp-5551.wpcp-post-carousel .wpcp-single-item:hover img, #sp-wp-carousel-free-id-5551.sp-wpcp-5551.wpcp-product-carousel .wpcp-single-item:hover img{-webkit-transform: scale(1.2);-moz-transform: scale(1.2);transform: scale(1.2);}.wpcp-carousel-wrapper #sp-wp-carousel-free-id-5551.wpcp-post-carousel .wpcp-single-item {background: transparent;}#sp-wp-carousel-free-id-5551 .wpcpro-row>[class*=\"wpcpro-col-\"] { padding: 0 10px; padding-bottom: 20px;} #sp-wp-carousel-free-id-5551 .swiper-slide .single-item-fade:not(:last-child) { margin-right: 20px;}@media (min-width: 480px) { .wpcpro-row .wpcpro-col-sm-1 { flex: 0 0 100%; max-width: 100%; } .wpcpro-row .wpcpro-col-sm-2 { flex: 0 0 50%; max-width: 50%; } .wpcpro-row .wpcpro-col-sm-2-5 { flex: 0 0 75%; max-width: 75%; } .wpcpro-row .wpcpro-col-sm-3 { flex: 0 0 33.333%; max-width: 33.333%; } .wpcpro-row .wpcpro-col-sm-4 { flex: 0 0 25%; max-width: 25%; } .wpcpro-row .wpcpro-col-sm-5 { flex: 0 0 20%; max-width: 20%; } .wpcpro-row .wpcpro-col-sm-6 { flex: 0 0 16.66666666666667%; max-width: 16.66666666666667%; } .wpcpro-row .wpcpro-col-sm-7 { flex: 0 0 14.28571428%; max-width: 14.28571428%; } .wpcpro-row .wpcpro-col-sm-8 { flex: 0 0 12.5%; max-width: 12.5%; } } @media (max-width: 480px) { .wpcpro-row .wpcpro-col-xs-1 { flex: 0 0 100%; max-width: 100%; } .wpcpro-row .wpcpro-col-xs-2 { flex: 0 0 50%; max-width: 50%; } .wpcpro-row .wpcpro-col-xs-3 { flex: 0 0 33.222%; max-width: 33.222%; } .wpcpro-row .wpcpro-col-xs-4 { flex: 0 0 25%; max-width: 25%; } .wpcpro-row .wpcpro-col-xs-5 { flex: 0 0 20%; max-width: 20%; } .wpcpro-row .wpcpro-col-xs-6 { flex: 0 0 16.6667%; max-width: 16.6667%; } .wpcpro-row .wpcpro-col-xs-7 { flex: 0 0 14.28571428%; max-width: 14.28571428%; } .wpcpro-row .wpcpro-col-xs-8 { flex: 0 0 12.5%; max-width: 12.5%; } } @media (min-width: 736px) { .wpcpro-row .wpcpro-col-md-1 { flex: 0 0 100%; max-width: 100%; } .wpcpro-row .wpcpro-col-md-2 { flex: 0 0 50%; max-width: 50%; } .wpcpro-row .wpcpro-col-md-2-5 { flex: 0 0 75%; max-width: 75%; } .wpcpro-row .wpcpro-col-md-3 { flex: 0 0 33.333%; max-width: 33.333%; } .wpcpro-row .wpcpro-col-md-4 { flex: 0 0 25%; max-width: 25%; } .wpcpro-row .wpcpro-col-md-5 { flex: 0 0 20%; max-width: 20%; } .wpcpro-row .wpcpro-col-md-6 { flex: 0 0 16.66666666666667%; max-width: 16.66666666666667%; } .wpcpro-row .wpcpro-col-md-7 { flex: 0 0 14.28571428%; max-width: 14.28571428%; } .wpcpro-row .wpcpro-col-md-8 { flex: 0 0 12.5%; max-width: 12.5%; } } @media (min-width: 980px) { .wpcpro-row .wpcpro-col-lg-1 { flex: 0 0 100%; max-width: 100%; } .wpcpro-row .wpcpro-col-lg-2 { flex: 0 0 50%; max-width: 50%; } .wpcpro-row .wpcpro-col-lg-3 { flex: 0 0 33.222%; max-width: 33.222%; } .wpcpro-row .wpcpro-col-lg-4 { flex: 0 0 25%; max-width: 25%; } .wpcpro-row .wpcpro-col-lg-5 { flex: 0 0 20%; max-width: 20%; } .wpcpro-row .wpcpro-col-lg-6 { flex: 0 0 16.6667%; max-width: 16.6667%; } .wpcpro-row .wpcpro-col-lg-7 { flex: 0 0 14.28571428%; max-width: 14.28571428%; } .wpcpro-row .wpcpro-col-lg-8 { flex: 0 0 12.5%; max-width: 12.5%; } } @media (min-width: 1200px) { .wpcpro-row .wpcpro-col-xl-1 { flex: 0 0 100%; max-width: 100%; } .wpcpro-row .wpcpro-col-xl-2 { flex: 0 0 50%; max-width: 50%; } .wpcpro-row .wpcpro-col-xl-3 { flex: 0 0 33.22222222%; max-width: 33.22222222%; } .wpcpro-row .wpcpro-col-xl-4 { flex: 0 0 25%; max-width: 25%; } .wpcpro-row .wpcpro-col-xl-5 { flex: 0 0 20%; max-width: 20%; } .wpcpro-row .wpcpro-col-xl-6 { flex: 0 0 16.66667%; max-width: 16.66667%; } .wpcpro-row .wpcpro-col-xl-7 { flex: 0 0 14.28571428%; max-width: 14.28571428%; } .wpcpro-row .wpcpro-col-xl-8 { flex: 0 0 12.5%; max-width: 12.5%; } }<\/style><div class=\"wpcp-carousel-wrapper wpcp-wrapper-5551\">\n\t<div id=\"wpcp-preloader-5551\" class=\"wpcp-carousel-preloader\"><img class=\"lazyload\" decoding=\"async\" src=\"data:image\/gif;base64,R0lGODlhAQABAAAAACH5BAEKAAEALAAAAAABAAEAAAICTAEAOw==\" data-orig-src=\"https:\/\/keyclic.com\/wp-content\/plugins\/wp-carousel-free\/public\/css\/spinner.svg\" alt=\"Preloader Image\" \/><\/div>\t<div class=\"wpcp-carousel-content-wrapper\">\n\t<div id=\"sp-wp-carousel-free-id-5551\" class=\"wpcp-carousel-section sp-wpcp-5551  nav-vertical-center wpcp-post-carousel wpcp-preloader wpcp-standard\" data-swiper='{ &quot;pagination_type&quot;: &quot;dots&quot;,&quot;accessibility&quot;:true, &quot;spaceBetween&quot;:20, &quot;arrows&quot;:true, &quot;freeMode&quot;: false, &quot;autoplay&quot;:true, &quot;effect&quot;: &quot;slide&quot;, &quot;centerMode&quot;: false, &quot;autoplaySpeed&quot;:3000, &quot;dots&quot;:true, &quot;infinite&quot;:true, &quot;speed&quot;:600, &quot;pauseOnHover&quot;:true,\n\t\t\t&quot;slidesToShow&quot;:{&quot;lg_desktop&quot;:2, &quot;desktop&quot;: 2, &quot;laptop&quot;: 2, &quot;tablet&quot;: 2, &quot;mobile&quot;: 1}, &quot;responsive&quot;:{&quot;desktop&quot;:1200, &quot;laptop&quot;: 980, &quot;tablet&quot;: 736, &quot;mobile&quot;: 480}, &quot;rtl&quot;:false, &quot;lazyLoad&quot;: &quot;false&quot;, &quot;swipe&quot;: true, &quot;draggable&quot;: true, &quot;swipeToSlide&quot;:false }' dir=\"ltr\">\n\t\t<div class=\"swiper-wrapper\">\n\t\t<div class=\"swiper-slide\">\n\t<div class=\"wpcp-single-item\">\n\t\t\t<div class=\"wpcp-slide-image\">\n\t\t<a href=\"https:\/\/keyclic.com\/es\/2025\/03\/25\/digitalizacion-del-sector-de-la-construccion-12\/\">\n\t\t\t<img decoding=\"async\" class=\"lazyload skip-lazy\" src=\"data:image\/svg+xml,%3Csvg%20xmlns%3D%27http%3A%2F%2Fwww.w3.org%2F2000%2Fsvg%27%20width%3D%272560%27%20height%3D%271709%27%20viewBox%3D%270%200%202560%201709%27%3E%3Crect%20width%3D%272560%27%20height%3D%271709%27%20fill-opacity%3D%220%22%2F%3E%3C%2Fsvg%3E\" data-orig-src=\"https:\/\/i0.wp.com\/keyclic.com\/wp-content\/uploads\/2025\/03\/logiciel-de-ticketing--scaled.jpg?fit=2560%2C1709&amp;ssl=1\" title=\"logiciel de ticketing -\" alt=\"\" width=\"2560\" height=\"1709\">\t\t<\/a>\n\t<\/div>\n\t\t\t\t<div class=\"wpcp-all-captions\">\n\t\t\t<ul class=\"wpcp-post-meta\">\n\t\t\t\t\t<li><a href=\"https:\/\/keyclic.com\/es\/author\/cdesborde\/\">\n\t\t\tBy cdesborde\t\t\t<\/a><\/li>\n\t\t\t\t\t\t\t<li><time class=\"entry-date published updated\" datetime=\"2025-03-25T17:20:12+01:00\">\n\t\t\t\tOn 25 marzo 2025\t\t\t<\/time><\/li>\n\t\t\t\t<\/ul>\n\t<h2 class=\"wpcp-post-title\">\n\t<a href=\"https:\/\/keyclic.com\/es\/2025\/03\/25\/digitalizacion-del-sector-de-la-construccion-12\/\">\n\t\tLogiciel ticketing : suivez les interventions prestataires\t<\/a>\n<\/h2>\n\t<div class='wpcp-post-content'>\n\t<p>Tout savoir sur le logiciel de ticketing. Indispensable pour optimiser la gestion des demandes d\u2019interventions, un logiciel de ticketing assure le suivi en temps r\u00e9el, automatise les t\u00e2ches et am\u00e9liore la tra\u00e7abilit\u00e9. Quels secteurs en tirent parti ? Comment choisir entre un d\u00e9ploiement SaaS ou on-premise ? D\u00e9couvrez comment cet outil transforme la gestion des demandes d&rsquo;interventions dans divers secteurs tels que l\u2019immobilier, le facility management et la smart city.<\/p>\n<\/div>\n\t\t<\/div>\n\t<\/div>\n<\/div>\n<div class=\"swiper-slide\">\n\t<div class=\"wpcp-single-item\">\n\t\t\t<div class=\"wpcp-slide-image\">\n\t\t<a href=\"https:\/\/keyclic.com\/es\/2025\/01\/16\/digitalizacion-del-sector-de-la-construccion-11\/\">\n\t\t\t<img decoding=\"async\" class=\"lazyload skip-lazy\" src=\"data:image\/svg+xml,%3Csvg%20xmlns%3D%27http%3A%2F%2Fwww.w3.org%2F2000%2Fsvg%27%20width%3D%272560%27%20height%3D%271709%27%20viewBox%3D%270%200%202560%201709%27%3E%3Crect%20width%3D%272560%27%20height%3D%271709%27%20fill-opacity%3D%220%22%2F%3E%3C%2Fsvg%3E\" data-orig-src=\"https:\/\/i0.wp.com\/keyclic.com\/wp-content\/uploads\/2025\/01\/logiciel-proprete-urbaine-Keyclic-scaled.jpg?fit=2560%2C1709&amp;ssl=1\" title=\"logiciel proprete\u0301 urbaine Keyclic\" alt=\"logiciel de propret\u00e9 urbaine\" width=\"2560\" height=\"1709\">\t\t<\/a>\n\t<\/div>\n\t\t\t\t<div class=\"wpcp-all-captions\">\n\t\t\t<ul class=\"wpcp-post-meta\">\n\t\t\t\t\t<li><a href=\"https:\/\/keyclic.com\/es\/author\/cdesborde\/\">\n\t\t\tBy cdesborde\t\t\t<\/a><\/li>\n\t\t\t\t\t\t\t<li><time class=\"entry-date published updated\" datetime=\"2025-01-16T12:30:14+01:00\">\n\t\t\t\tOn 16 enero 2025\t\t\t<\/time><\/li>\n\t\t\t\t<\/ul>\n\t<h2 class=\"wpcp-post-title\">\n\t<a href=\"https:\/\/keyclic.com\/es\/2025\/01\/16\/digitalizacion-del-sector-de-la-construccion-11\/\">\n\t\tEtude de cas &#8211; L&rsquo;impact d&rsquo; un logiciel de propret\u00e9 urbaine\t<\/a>\n<\/h2>\n\t<div class='wpcp-post-content'>\n\t<p>Comment un logiciel de gestion de propret\u00e9 urbaine permet de r\u00e9pondre aux d\u00e9fis rencontr\u00e9s par les collectivit\u00e9s ? D\u00e9couvrez l&rsquo;\u00e9tude de cas de notre client, acteur cl\u00e9 de l&rsquo;entretien urbain.<\/p>\n<\/div>\n\t\t<\/div>\n\t<\/div>\n<\/div>\n\t\t<\/div>\n\t\t\t\t\t<div class=\"wpcp-swiper-dots swiper-pagination\"><\/div>\n\t\t\t\t<!-- If we need navigation buttons -->\n\t\t\t\t\t<div class=\"wpcp-prev-button swiper-button-prev\"><i class=\"fa fa-angle-left\"><\/i><\/div>\n\t\t\t<div class=\"wpcp-next-button swiper-button-next\"><i class=\"fa fa-angle-right\"><\/i><\/div>\n\t\t\t<\/div>\n\t<\/div>\n<\/div>\n<div class=\"fusion-clearfix\"><\/div><\/div><\/div><\/div><\/div><\/p>\n","protected":false},"excerpt":{"rendered":"","protected":false},"author":1,"featured_media":4871,"comment_status":"closed","ping_status":"closed","sticky":false,"template":"","format":"standard","meta":{"_et_pb_use_builder":"","_et_pb_old_content":"","_et_gb_content_width":"","content-type":"","_jetpack_newsletter_access":"","_jetpack_dont_email_post_to_subs":false,"_jetpack_newsletter_tier_id":0,"_jetpack_memberships_contains_paywalled_content":false,"_wpcom_ai_launchpad_first_post":false,"_jetpack_feature_clip_id":0,"_jetpack_memberships_contains_paid_content":false,"footnotes":"","jetpack_post_was_ever_published":false},"categories":[1369,1370],"tags":[],"class_list":["post-4565","post","type-post","status-publish","format-standard","has-post-thumbnail","hentry","category-actualite-keyclic","category-nouveautes-de-lapplication"],"yoast_head":"<!-- This site is optimized with the Yoast SEO Premium plugin v22.1 (Yoast SEO v28.4) - https:\/\/yoast.com\/product\/yoast-seo-premium-wordpress\/ -->\n<title>Keyclic participera au 1er d\u00e9monstrateur virtuel de la French Proptech, les 8 et 9 juillet.<\/title>\n<meta name=\"description\" content=\"Keyclic a le plaisir de vous convier \u00e0 son webinaire destin\u00e9 aux professionnels de l\u2019immobilier : \u00abOptimiser sa relation client gr\u00e2ce \u00e0 la nouvelle plateforme web Keyclic\u00bb le Mardi 16 juin \u00e0 14h30.\" \/>\n<meta name=\"robots\" content=\"index, follow, max-snippet:-1, max-image-preview:large, max-video-preview:-1\" \/>\n<link rel=\"canonical\" href=\"https:\/\/keyclic.com\/es\/2020\/07\/02\/keyclic-participara-en-el-1er-demostrador-virtual-proptech-frances-los-dias-8-y-9-de-julio\/\" \/>\n<meta property=\"og:locale\" content=\"es_ES\" \/>\n<meta property=\"og:type\" content=\"article\" \/>\n<meta property=\"og:title\" content=\"Keyclic participera au 1er d\u00e9monstrateur virtuel de la French Proptech, les 8 et 9 juillet.\" \/>\n<meta property=\"og:description\" content=\"Keyclic a le plaisir de vous convier \u00e0 son webinaire destin\u00e9 aux professionnels de l\u2019immobilier : \u00abOptimiser sa relation client gr\u00e2ce \u00e0 la nouvelle plateforme web Keyclic\u00bb le Mardi 16 juin \u00e0 14h30.\" \/>\n<meta property=\"og:url\" content=\"https:\/\/keyclic.com\/es\/2020\/07\/02\/keyclic-participara-en-el-1er-demostrador-virtual-proptech-frances-los-dias-8-y-9-de-julio\/\" \/>\n<meta property=\"og:site_name\" content=\"Keyclic\" \/>\n<meta property=\"article:published_time\" content=\"2020-07-02T11:56:45+00:00\" \/>\n<meta property=\"article:modified_time\" content=\"2021-06-14T13:18:44+00:00\" \/>\n<meta property=\"og:image\" content=\"https:\/\/i0.wp.com\/keyclic.com\/wp-content\/uploads\/2020\/07\/proptech-article.jpg?fit=500%2C300&ssl=1\" \/>\n\t<meta property=\"og:image:width\" content=\"500\" \/>\n\t<meta property=\"og:image:height\" content=\"300\" \/>\n\t<meta property=\"og:image:type\" content=\"image\/jpeg\" \/>\n<meta name=\"author\" content=\"keyclic\" \/>\n<meta name=\"twitter:card\" content=\"summary_large_image\" \/>\n<meta name=\"twitter:label1\" content=\"Escrito por\" \/>\n\t<meta name=\"twitter:data1\" content=\"keyclic\" \/>\n\t<meta name=\"twitter:label2\" content=\"Tiempo de lectura\" \/>\n\t<meta name=\"twitter:data2\" content=\"2 minutos\" \/>\n<script type=\"application\/ld+json\" class=\"yoast-schema-graph\">{\"@context\":\"https:\\\/\\\/schema.org\",\"@graph\":[{\"@type\":\"Article\",\"@id\":\"https:\\\/\\\/keyclic.com\\\/2020\\\/07\\\/02\\\/keyclic-participera-au-1er-demonstrateur-virtuel-de-la-french-proptech-les-8-et-9-juillet\\\/#article\",\"isPartOf\":{\"@id\":\"https:\\\/\\\/keyclic.com\\\/2020\\\/07\\\/02\\\/keyclic-participera-au-1er-demonstrateur-virtuel-de-la-french-proptech-les-8-et-9-juillet\\\/\"},\"author\":{\"name\":\"keyclic\",\"@id\":\"https:\\\/\\\/keyclic.com\\\/#\\\/schema\\\/person\\\/5523e7910ecc440727f2eed5398aecb1\"},\"headline\":\"Keyclic participera au 1er d\u00e9monstrateur virtuel de la French Proptech, les 8 et 9 juillet.\",\"datePublished\":\"2020-07-02T11:56:45+00:00\",\"dateModified\":\"2021-06-14T13:18:44+00:00\",\"mainEntityOfPage\":{\"@id\":\"https:\\\/\\\/keyclic.com\\\/2020\\\/07\\\/02\\\/keyclic-participera-au-1er-demonstrateur-virtuel-de-la-french-proptech-les-8-et-9-juillet\\\/\"},\"wordCount\":861,\"image\":{\"@id\":\"https:\\\/\\\/keyclic.com\\\/2020\\\/07\\\/02\\\/keyclic-participera-au-1er-demonstrateur-virtuel-de-la-french-proptech-les-8-et-9-juillet\\\/#primaryimage\"},\"thumbnailUrl\":\"https:\\\/\\\/i0.wp.com\\\/keyclic.com\\\/wp-content\\\/uploads\\\/2020\\\/07\\\/proptech-article.jpg?fit=500%2C300&ssl=1\",\"articleSection\":[\"Actualit\u00e9 Keyclic\",\"Nouveaut\u00e9s de l'application\"],\"inLanguage\":\"es\"},{\"@type\":\"WebPage\",\"@id\":\"https:\\\/\\\/keyclic.com\\\/2020\\\/07\\\/02\\\/keyclic-participera-au-1er-demonstrateur-virtuel-de-la-french-proptech-les-8-et-9-juillet\\\/\",\"url\":\"https:\\\/\\\/keyclic.com\\\/2020\\\/07\\\/02\\\/keyclic-participera-au-1er-demonstrateur-virtuel-de-la-french-proptech-les-8-et-9-juillet\\\/\",\"name\":\"Keyclic participera au 1er d\u00e9monstrateur virtuel de la French Proptech, les 8 et 9 juillet.\",\"isPartOf\":{\"@id\":\"https:\\\/\\\/keyclic.com\\\/#website\"},\"primaryImageOfPage\":{\"@id\":\"https:\\\/\\\/keyclic.com\\\/2020\\\/07\\\/02\\\/keyclic-participera-au-1er-demonstrateur-virtuel-de-la-french-proptech-les-8-et-9-juillet\\\/#primaryimage\"},\"image\":{\"@id\":\"https:\\\/\\\/keyclic.com\\\/2020\\\/07\\\/02\\\/keyclic-participera-au-1er-demonstrateur-virtuel-de-la-french-proptech-les-8-et-9-juillet\\\/#primaryimage\"},\"thumbnailUrl\":\"https:\\\/\\\/i0.wp.com\\\/keyclic.com\\\/wp-content\\\/uploads\\\/2020\\\/07\\\/proptech-article.jpg?fit=500%2C300&ssl=1\",\"datePublished\":\"2020-07-02T11:56:45+00:00\",\"dateModified\":\"2021-06-14T13:18:44+00:00\",\"author\":{\"@id\":\"https:\\\/\\\/keyclic.com\\\/#\\\/schema\\\/person\\\/5523e7910ecc440727f2eed5398aecb1\"},\"description\":\"Keyclic a le plaisir de vous convier \u00e0 son webinaire destin\u00e9 aux professionnels de l\u2019immobilier : \u00abOptimiser sa relation client gr\u00e2ce \u00e0 la nouvelle plateforme web Keyclic\u00bb le Mardi 16 juin \u00e0 14h30.\",\"breadcrumb\":{\"@id\":\"https:\\\/\\\/keyclic.com\\\/2020\\\/07\\\/02\\\/keyclic-participera-au-1er-demonstrateur-virtuel-de-la-french-proptech-les-8-et-9-juillet\\\/#breadcrumb\"},\"inLanguage\":\"es\",\"potentialAction\":[{\"@type\":\"ReadAction\",\"target\":[\"https:\\\/\\\/keyclic.com\\\/2020\\\/07\\\/02\\\/keyclic-participera-au-1er-demonstrateur-virtuel-de-la-french-proptech-les-8-et-9-juillet\\\/\"]}]},{\"@type\":\"ImageObject\",\"inLanguage\":\"es\",\"@id\":\"https:\\\/\\\/keyclic.com\\\/2020\\\/07\\\/02\\\/keyclic-participera-au-1er-demonstrateur-virtuel-de-la-french-proptech-les-8-et-9-juillet\\\/#primaryimage\",\"url\":\"https:\\\/\\\/i0.wp.com\\\/keyclic.com\\\/wp-content\\\/uploads\\\/2020\\\/07\\\/proptech-article.jpg?fit=500%2C300&ssl=1\",\"contentUrl\":\"https:\\\/\\\/i0.wp.com\\\/keyclic.com\\\/wp-content\\\/uploads\\\/2020\\\/07\\\/proptech-article.jpg?fit=500%2C300&ssl=1\",\"width\":500,\"height\":300},{\"@type\":\"BreadcrumbList\",\"@id\":\"https:\\\/\\\/keyclic.com\\\/2020\\\/07\\\/02\\\/keyclic-participera-au-1er-demonstrateur-virtuel-de-la-french-proptech-les-8-et-9-juillet\\\/#breadcrumb\",\"itemListElement\":[{\"@type\":\"ListItem\",\"position\":1,\"name\":\"Accueil\",\"item\":\"https:\\\/\\\/keyclic.com\\\/\"},{\"@type\":\"ListItem\",\"position\":2,\"name\":\"Keyclic participera au 1er d\u00e9monstrateur virtuel de la French Proptech, les 8 et 9 juillet.\"}]},{\"@type\":\"WebSite\",\"@id\":\"https:\\\/\\\/keyclic.com\\\/#website\",\"url\":\"https:\\\/\\\/keyclic.com\\\/\",\"name\":\"Keyclic\",\"description\":\"La solution de gestion de parcs immobiliers\",\"potentialAction\":[{\"@type\":\"SearchAction\",\"target\":{\"@type\":\"EntryPoint\",\"urlTemplate\":\"https:\\\/\\\/keyclic.com\\\/?s={search_term_string}\"},\"query-input\":{\"@type\":\"PropertyValueSpecification\",\"valueRequired\":true,\"valueName\":\"search_term_string\"}}],\"inLanguage\":\"es\"},{\"@type\":\"Person\",\"@id\":\"https:\\\/\\\/keyclic.com\\\/#\\\/schema\\\/person\\\/5523e7910ecc440727f2eed5398aecb1\",\"name\":\"keyclic\",\"image\":{\"@type\":\"ImageObject\",\"inLanguage\":\"es\",\"@id\":\"https:\\\/\\\/secure.gravatar.com\\\/avatar\\\/c53618b21aab1facce3d0944ac6843da668274613aa5a9ffa2664c4accb3a427?s=96&d=identicon&r=g\",\"url\":\"https:\\\/\\\/secure.gravatar.com\\\/avatar\\\/c53618b21aab1facce3d0944ac6843da668274613aa5a9ffa2664c4accb3a427?s=96&d=identicon&r=g\",\"contentUrl\":\"https:\\\/\\\/secure.gravatar.com\\\/avatar\\\/c53618b21aab1facce3d0944ac6843da668274613aa5a9ffa2664c4accb3a427?s=96&d=identicon&r=g\",\"caption\":\"keyclic\"},\"url\":\"https:\\\/\\\/keyclic.com\\\/es\\\/author\\\/keyclic\\\/\"}]}<\/script>\n<!-- \/ Yoast SEO Premium plugin. -->","yoast_head_json":{"title":"Keyclic participera au 1er d\u00e9monstrateur virtuel de la French Proptech, les 8 et 9 juillet.","description":"Keyclic a le plaisir de vous convier \u00e0 son webinaire destin\u00e9 aux professionnels de l\u2019immobilier : \u00abOptimiser sa relation client gr\u00e2ce \u00e0 la nouvelle plateforme web Keyclic\u00bb le Mardi 16 juin \u00e0 14h30.","robots":{"index":"index","follow":"follow","max-snippet":"max-snippet:-1","max-image-preview":"max-image-preview:large","max-video-preview":"max-video-preview:-1"},"canonical":"https:\/\/keyclic.com\/es\/2020\/07\/02\/keyclic-participara-en-el-1er-demostrador-virtual-proptech-frances-los-dias-8-y-9-de-julio\/","og_locale":"es_ES","og_type":"article","og_title":"Keyclic participera au 1er d\u00e9monstrateur virtuel de la French Proptech, les 8 et 9 juillet.","og_description":"Keyclic a le plaisir de vous convier \u00e0 son webinaire destin\u00e9 aux professionnels de l\u2019immobilier : \u00abOptimiser sa relation client gr\u00e2ce \u00e0 la nouvelle plateforme web Keyclic\u00bb le Mardi 16 juin \u00e0 14h30.","og_url":"https:\/\/keyclic.com\/es\/2020\/07\/02\/keyclic-participara-en-el-1er-demostrador-virtual-proptech-frances-los-dias-8-y-9-de-julio\/","og_site_name":"Keyclic","article_published_time":"2020-07-02T11:56:45+00:00","article_modified_time":"2021-06-14T13:18:44+00:00","og_image":[{"width":500,"height":300,"url":"https:\/\/i0.wp.com\/keyclic.com\/wp-content\/uploads\/2020\/07\/proptech-article.jpg?fit=500%2C300&ssl=1","type":"image\/jpeg"}],"author":"keyclic","twitter_card":"summary_large_image","twitter_misc":{"Escrito por":"keyclic","Tiempo de lectura":"2 minutos"},"schema":{"@context":"https:\/\/schema.org","@graph":[{"@type":"Article","@id":"https:\/\/keyclic.com\/2020\/07\/02\/keyclic-participera-au-1er-demonstrateur-virtuel-de-la-french-proptech-les-8-et-9-juillet\/#article","isPartOf":{"@id":"https:\/\/keyclic.com\/2020\/07\/02\/keyclic-participera-au-1er-demonstrateur-virtuel-de-la-french-proptech-les-8-et-9-juillet\/"},"author":{"name":"keyclic","@id":"https:\/\/keyclic.com\/#\/schema\/person\/5523e7910ecc440727f2eed5398aecb1"},"headline":"Keyclic participera au 1er d\u00e9monstrateur virtuel de la French Proptech, les 8 et 9 juillet.","datePublished":"2020-07-02T11:56:45+00:00","dateModified":"2021-06-14T13:18:44+00:00","mainEntityOfPage":{"@id":"https:\/\/keyclic.com\/2020\/07\/02\/keyclic-participera-au-1er-demonstrateur-virtuel-de-la-french-proptech-les-8-et-9-juillet\/"},"wordCount":861,"image":{"@id":"https:\/\/keyclic.com\/2020\/07\/02\/keyclic-participera-au-1er-demonstrateur-virtuel-de-la-french-proptech-les-8-et-9-juillet\/#primaryimage"},"thumbnailUrl":"https:\/\/i0.wp.com\/keyclic.com\/wp-content\/uploads\/2020\/07\/proptech-article.jpg?fit=500%2C300&ssl=1","articleSection":["Actualit\u00e9 Keyclic","Nouveaut\u00e9s de l'application"],"inLanguage":"es"},{"@type":"WebPage","@id":"https:\/\/keyclic.com\/2020\/07\/02\/keyclic-participera-au-1er-demonstrateur-virtuel-de-la-french-proptech-les-8-et-9-juillet\/","url":"https:\/\/keyclic.com\/2020\/07\/02\/keyclic-participera-au-1er-demonstrateur-virtuel-de-la-french-proptech-les-8-et-9-juillet\/","name":"Keyclic participera au 1er d\u00e9monstrateur virtuel de la French Proptech, les 8 et 9 juillet.","isPartOf":{"@id":"https:\/\/keyclic.com\/#website"},"primaryImageOfPage":{"@id":"https:\/\/keyclic.com\/2020\/07\/02\/keyclic-participera-au-1er-demonstrateur-virtuel-de-la-french-proptech-les-8-et-9-juillet\/#primaryimage"},"image":{"@id":"https:\/\/keyclic.com\/2020\/07\/02\/keyclic-participera-au-1er-demonstrateur-virtuel-de-la-french-proptech-les-8-et-9-juillet\/#primaryimage"},"thumbnailUrl":"https:\/\/i0.wp.com\/keyclic.com\/wp-content\/uploads\/2020\/07\/proptech-article.jpg?fit=500%2C300&ssl=1","datePublished":"2020-07-02T11:56:45+00:00","dateModified":"2021-06-14T13:18:44+00:00","author":{"@id":"https:\/\/keyclic.com\/#\/schema\/person\/5523e7910ecc440727f2eed5398aecb1"},"description":"Keyclic a le plaisir de vous convier \u00e0 son webinaire destin\u00e9 aux professionnels de l\u2019immobilier : \u00abOptimiser sa relation client gr\u00e2ce \u00e0 la nouvelle plateforme web Keyclic\u00bb le Mardi 16 juin \u00e0 14h30.","breadcrumb":{"@id":"https:\/\/keyclic.com\/2020\/07\/02\/keyclic-participera-au-1er-demonstrateur-virtuel-de-la-french-proptech-les-8-et-9-juillet\/#breadcrumb"},"inLanguage":"es","potentialAction":[{"@type":"ReadAction","target":["https:\/\/keyclic.com\/2020\/07\/02\/keyclic-participera-au-1er-demonstrateur-virtuel-de-la-french-proptech-les-8-et-9-juillet\/"]}]},{"@type":"ImageObject","inLanguage":"es","@id":"https:\/\/keyclic.com\/2020\/07\/02\/keyclic-participera-au-1er-demonstrateur-virtuel-de-la-french-proptech-les-8-et-9-juillet\/#primaryimage","url":"https:\/\/i0.wp.com\/keyclic.com\/wp-content\/uploads\/2020\/07\/proptech-article.jpg?fit=500%2C300&ssl=1","contentUrl":"https:\/\/i0.wp.com\/keyclic.com\/wp-content\/uploads\/2020\/07\/proptech-article.jpg?fit=500%2C300&ssl=1","width":500,"height":300},{"@type":"BreadcrumbList","@id":"https:\/\/keyclic.com\/2020\/07\/02\/keyclic-participera-au-1er-demonstrateur-virtuel-de-la-french-proptech-les-8-et-9-juillet\/#breadcrumb","itemListElement":[{"@type":"ListItem","position":1,"name":"Accueil","item":"https:\/\/keyclic.com\/"},{"@type":"ListItem","position":2,"name":"Keyclic participera au 1er d\u00e9monstrateur virtuel de la French Proptech, les 8 et 9 juillet."}]},{"@type":"WebSite","@id":"https:\/\/keyclic.com\/#website","url":"https:\/\/keyclic.com\/","name":"Keyclic","description":"La solution de gestion de parcs immobiliers","potentialAction":[{"@type":"SearchAction","target":{"@type":"EntryPoint","urlTemplate":"https:\/\/keyclic.com\/?s={search_term_string}"},"query-input":{"@type":"PropertyValueSpecification","valueRequired":true,"valueName":"search_term_string"}}],"inLanguage":"es"},{"@type":"Person","@id":"https:\/\/keyclic.com\/#\/schema\/person\/5523e7910ecc440727f2eed5398aecb1","name":"keyclic","image":{"@type":"ImageObject","inLanguage":"es","@id":"https:\/\/secure.gravatar.com\/avatar\/c53618b21aab1facce3d0944ac6843da668274613aa5a9ffa2664c4accb3a427?s=96&d=identicon&r=g","url":"https:\/\/secure.gravatar.com\/avatar\/c53618b21aab1facce3d0944ac6843da668274613aa5a9ffa2664c4accb3a427?s=96&d=identicon&r=g","contentUrl":"https:\/\/secure.gravatar.com\/avatar\/c53618b21aab1facce3d0944ac6843da668274613aa5a9ffa2664c4accb3a427?s=96&d=identicon&r=g","caption":"keyclic"},"url":"https:\/\/keyclic.com\/es\/author\/keyclic\/"}]}},"jetpack_sharing_enabled":false,"jetpack_shortlink":"https:\/\/wp.me\/pa8GX3-1bD","jetpack_likes_enabled":false,"amp_enabled":true,"jetpack_featured_media_url":"https:\/\/i0.wp.com\/keyclic.com\/wp-content\/uploads\/2020\/07\/proptech-article.jpg?fit=500%2C300&ssl=1","_links":{"self":[{"href":"https:\/\/keyclic.com\/es\/wp-json\/wp\/v2\/posts\/4565","targetHints":{"allow":["GET"]}}],"collection":[{"href":"https:\/\/keyclic.com\/es\/wp-json\/wp\/v2\/posts"}],"about":[{"href":"https:\/\/keyclic.com\/es\/wp-json\/wp\/v2\/types\/post"}],"author":[{"embeddable":true,"href":"https:\/\/keyclic.com\/es\/wp-json\/wp\/v2\/users\/1"}],"replies":[{"embeddable":true,"href":"https:\/\/keyclic.com\/es\/wp-json\/wp\/v2\/comments?post=4565"}],"version-history":[{"count":6,"href":"https:\/\/keyclic.com\/es\/wp-json\/wp\/v2\/posts\/4565\/revisions"}],"predecessor-version":[{"id":5561,"href":"https:\/\/keyclic.com\/es\/wp-json\/wp\/v2\/posts\/4565\/revisions\/5561"}],"wp:featuredmedia":[{"embeddable":true,"href":"https:\/\/keyclic.com\/es\/wp-json\/wp\/v2\/media\/4871"}],"wp:attachment":[{"href":"https:\/\/keyclic.com\/es\/wp-json\/wp\/v2\/media?parent=4565"}],"wp:term":[{"taxonomy":"category","embeddable":true,"href":"https:\/\/keyclic.com\/es\/wp-json\/wp\/v2\/categories?post=4565"},{"taxonomy":"post_tag","embeddable":true,"href":"https:\/\/keyclic.com\/es\/wp-json\/wp\/v2\/tags?post=4565"}],"curies":[{"name":"wp","href":"https:\/\/api.w.org\/{rel}","templated":true}]}}